{"id":34815,"date":"2024-09-21T17:00:04","date_gmt":"2024-09-21T15:00:04","guid":{"rendered":"https:\/\/151miglia.it\/?p=34815"},"modified":"2024-12-16T09:38:06","modified_gmt":"2024-12-16T08:38:06","slug":"nuova-rotta-e-rinnovate-ambizioni-per-la-151-miglia-trofeo-cetilar","status":"publish","type":"post","link":"https:\/\/151miglia.it\/en\/nuova-rotta-e-rinnovate-ambizioni-per-la-151-miglia-trofeo-cetilar\/","title":{"rendered":"Nuova rotta e rinnovate ambizioni per la 151 Miglia-Trofeo Cetilar"},"content":{"rendered":"\n<p>Il Salone Nautico Internazionale di Genova ha ospitato oggi la presentazione della 16ma edizione della 151 Miglia-Trofeo Cetilar, la regata d\u2019altura in programma il 30 maggio 2025, con la consueta organizzazione di un Comitato di circoli formato dallo Yacht Club Repubblica Marinara di Pisa, Yacht Club Punta Ala e Yacht Club Livorno.<\/p>\n<p>Sul palco del Breitling Theatre, nel contesto di un sabato dedicato alla grande vela, i rappresentanti dei club organizzatori \u2013 dopo aver ricevuto il saluto della Presidente della Federazione Italiana Vela Francesco Ettorre, sempre presente alla partenza della 151 Miglia &#8211; hanno illustrato nel dettaglio tutte le grandi novit\u00e0 di questa nuova edizione, a partire dalla principale, la nuova rotta della regata, riassunta perfettamente nel claim \u201cSea Change\u201d.<\/p>\n<p>Pur mantenendo intatta la sua lunghezza effettiva &#8211; 151 miglia chiaramente \u2013 e il suo scenario naturale, la prossima edizione si svilupper\u00e0 infatti su un percorso diverso rispetto agli anni precedenti, frutto di un confronto costante con gli armatori e i regatanti che nel corso degli anni hanno fatto grande la 151. Se la prima parte della rotta rimane immutata, con la partenza da Livorno, la successiva boa di disimpegno e il passaggio davanti a Marina di Pisa, il resto del percorso prevede i passaggi alla Gorgona, Capraia, Pianosa e alle Formiche di Grosseto, prima della risalita verso il canale di Piombino &#8211; zona sempre ventosa e con poca onda \u2013 il doppiaggio dell\u2019isolotto di Cerboli e infine il classico arrivo al Marina di Punta Ala. Niente pi\u00f9 passaggio allo scoglio della Giraglia, quindi, ma una navigazione sempre pi\u00f9 incentrata tra le isole dell\u2019Arcipelago Toscano, una delle aree pi\u00f9 belle e tatticamente pi\u00f9 stimolanti del mar Tirreno.<\/p>\n<p>\u201cIl cambiamento \u00e8 sinonimo di crescita e in questo caso \u00e8 un passo coraggioso che \u00e8 stato indotto dagli stessi protagonisti della 151 Miglia, che sono i suoi partecipanti\u201d, ha spiegato in un video messaggio Roberto Lacorte, Presidente dello YC Repubblica Marinara di Pisa e ideatore, ormai pi\u00f9 di 15 anni fa, della regata. \u201cDopo anni di esperienze dirette e di confronto con i velisti, abbiamo optato per una rotta ancora pi\u00f9 vicina allo spirito della 151 Miglia, una full immersion nelle splendide isole dell\u2019Arcipelago Toscano che siamo sicuri potr\u00e0 avere riscontri molto positivi\u201d.<\/p>\n<p>Oltra al nuovo percorso, durante la presentazione al Salone Nautico sono stati illustrati tutti gli eventi di contorno alla 151 Miglia: le 151 Winter Series, appuntamento invernale tra Punta Ala e Livorno\/Marina di Pisa per \u201ctenere calda\u201d la flotta della 151 Miglia, la 15.1 Run, corsa podistica non competitiva ai fini benefici, la 15.1 Sail, una costiera di 15 miglia che rappresenta una sorta di warm up della regata, e ovviamente il Crew e il Dinner Party, eventi sociali a inizio e fine evento che sono ormai un classico del programma.<\/p>\n<p>Tappa del Campionato Italiano Offshore, dell\u2019IMA Mediterranean Maxi Offshore Challenge e del Trofeo Arcipelago Toscano, la 151 Miglia-Trofeo Cetilar \u00e8 organizzata il consueto supporto dello sponsor Cetilar<sup>\u00ae<\/sup>, brand della casa farmaceutica PharmaNutra, dell\u2019official timekeeper TAG Heuer e dei partner Plastimo, CrewPro, Benetti, Porto di Livorno 2000, Porto di Pisa e Marina di Punta Ala.<\/p>\n<p>L\u2019appuntamento con la 15ma edizione della 151 Miglia-Trofeo Cetilar \u00e8 per il 30 maggio 2025.<\/p>\n","protected":false},"excerpt":{"rendered":"<p>Il Salone Nautico Internazionale di Genova ha ospitato oggi la presentazione della 16ma edizione della 151 Miglia-Trofeo Cetilar, la regata d\u2019altura in programma il 30 maggio 2025, con la consueta organizzazione di un Comitato di circoli formato dallo Yacht Club Repubblica Marinara di Pisa, Yacht Club Punta Ala e Yacht Club Livorno. Sul palco del [&hellip;]<\/p>\n","protected":false},"author":478,"featured_media":34817,"comment_status":"closed","ping_status":"open","sticky":false,"template":"","format":"standard","meta":{"footnotes":""},"categories":[1],"tags":[],"class_list":["post-34815","post","type-post","status-publish","format-standard","has-post-thumbnail","hentry","category-all-news"],"yoast_head":"<!-- This site is optimized with the Yoast SEO plugin v27.4 - https:\/\/yoast.com\/product\/yoast-seo-wordpress\/ -->\n<title>Nuova rotta e rinnovate ambizioni per la 151 Miglia-Trofeo Cetilar - 151 Miglia Trofeo Cetilar<\/title>\n<meta name=\"robots\" content=\"index, follow, max-snippet:-1, max-image-preview:large, max-video-preview:-1\" \/>\n<link rel=\"canonical\" href=\"https:\/\/151miglia.it\/en\/nuova-rotta-e-rinnovate-ambizioni-per-la-151-miglia-trofeo-cetilar\/\" \/>\n<meta property=\"og:locale\" content=\"en_US\" \/>\n<meta property=\"og:type\" content=\"article\" \/>\n<meta property=\"og:title\" content=\"Nuova rotta e rinnovate ambizioni per la 151 Miglia-Trofeo Cetilar - 151 Miglia Trofeo Cetilar\" \/>\n<meta property=\"og:description\" content=\"Il Salone Nautico Internazionale di Genova ha ospitato oggi la presentazione della 16ma edizione della 151 Miglia-Trofeo Cetilar, la regata d\u2019altura in programma il 30 maggio 2025, con la consueta organizzazione di un Comitato di circoli formato dallo Yacht Club Repubblica Marinara di Pisa, Yacht Club Punta Ala e Yacht Club Livorno. Sul palco del [&hellip;]\" \/>\n<meta property=\"og:url\" content=\"https:\/\/151miglia.it\/en\/nuova-rotta-e-rinnovate-ambizioni-per-la-151-miglia-trofeo-cetilar\/\" \/>\n<meta property=\"og:site_name\" content=\"151 Miglia Trofeo Cetilar\" \/>\n<meta property=\"article:published_time\" content=\"2024-09-21T15:00:04+00:00\" \/>\n<meta property=\"article:modified_time\" content=\"2024-12-16T08:38:06+00:00\" \/>\n<meta property=\"og:image\" content=\"https:\/\/151miglia.it\/wp-content\/uploads\/2024\/09\/fTaccolaPHOTO-2024-09-21-10-44-38k.jpg\" \/>\n\t<meta property=\"og:image:width\" content=\"1500\" \/>\n\t<meta property=\"og:image:height\" content=\"1000\" \/>\n\t<meta property=\"og:image:type\" content=\"image\/jpeg\" \/>\n<meta name=\"author\" content=\"Emanuel Richelmy\" \/>\n<meta name=\"twitter:card\" content=\"summary_large_image\" \/>\n<meta name=\"twitter:label1\" content=\"Written by\" \/>\n\t<meta name=\"twitter:data1\" content=\"Emanuel Richelmy\" \/>\n\t<meta name=\"twitter:label2\" content=\"Est. reading time\" \/>\n\t<meta name=\"twitter:data2\" content=\"3 minutes\" \/>\n<script type=\"application\/ld+json\" class=\"yoast-schema-graph\">{\"@context\":\"https:\\\/\\\/schema.org\",\"@graph\":[{\"@type\":\"Article\",\"@id\":\"https:\\\/\\\/151miglia.it\\\/en\\\/nuova-rotta-e-rinnovate-ambizioni-per-la-151-miglia-trofeo-cetilar\\\/#article\",\"isPartOf\":{\"@id\":\"https:\\\/\\\/151miglia.it\\\/en\\\/nuova-rotta-e-rinnovate-ambizioni-per-la-151-miglia-trofeo-cetilar\\\/\"},\"author\":{\"name\":\"Emanuel Richelmy\",\"@id\":\"https:\\\/\\\/151miglia.it\\\/en\\\/#\\\/schema\\\/person\\\/a7b737def83968b5bada830a361b19ab\"},\"headline\":\"Nuova rotta e rinnovate ambizioni per la 151 Miglia-Trofeo Cetilar\",\"datePublished\":\"2024-09-21T15:00:04+00:00\",\"dateModified\":\"2024-12-16T08:38:06+00:00\",\"mainEntityOfPage\":{\"@id\":\"https:\\\/\\\/151miglia.it\\\/en\\\/nuova-rotta-e-rinnovate-ambizioni-per-la-151-miglia-trofeo-cetilar\\\/\"},\"wordCount\":520,\"image\":{\"@id\":\"https:\\\/\\\/151miglia.it\\\/en\\\/nuova-rotta-e-rinnovate-ambizioni-per-la-151-miglia-trofeo-cetilar\\\/#primaryimage\"},\"thumbnailUrl\":\"https:\\\/\\\/151miglia.it\\\/wp-content\\\/uploads\\\/2024\\\/09\\\/fTaccolaPHOTO-2024-09-21-10-44-38k.jpg\",\"articleSection\":[\"News\"],\"inLanguage\":\"en-US\"},{\"@type\":\"WebPage\",\"@id\":\"https:\\\/\\\/151miglia.it\\\/en\\\/nuova-rotta-e-rinnovate-ambizioni-per-la-151-miglia-trofeo-cetilar\\\/\",\"url\":\"https:\\\/\\\/151miglia.it\\\/en\\\/nuova-rotta-e-rinnovate-ambizioni-per-la-151-miglia-trofeo-cetilar\\\/\",\"name\":\"Nuova rotta e rinnovate ambizioni per la 151 Miglia-Trofeo Cetilar - 151 Miglia Trofeo Cetilar\",\"isPartOf\":{\"@id\":\"https:\\\/\\\/151miglia.it\\\/en\\\/#website\"},\"primaryImageOfPage\":{\"@id\":\"https:\\\/\\\/151miglia.it\\\/en\\\/nuova-rotta-e-rinnovate-ambizioni-per-la-151-miglia-trofeo-cetilar\\\/#primaryimage\"},\"image\":{\"@id\":\"https:\\\/\\\/151miglia.it\\\/en\\\/nuova-rotta-e-rinnovate-ambizioni-per-la-151-miglia-trofeo-cetilar\\\/#primaryimage\"},\"thumbnailUrl\":\"https:\\\/\\\/151miglia.it\\\/wp-content\\\/uploads\\\/2024\\\/09\\\/fTaccolaPHOTO-2024-09-21-10-44-38k.jpg\",\"datePublished\":\"2024-09-21T15:00:04+00:00\",\"dateModified\":\"2024-12-16T08:38:06+00:00\",\"author\":{\"@id\":\"https:\\\/\\\/151miglia.it\\\/en\\\/#\\\/schema\\\/person\\\/a7b737def83968b5bada830a361b19ab\"},\"breadcrumb\":{\"@id\":\"https:\\\/\\\/151miglia.it\\\/en\\\/nuova-rotta-e-rinnovate-ambizioni-per-la-151-miglia-trofeo-cetilar\\\/#breadcrumb\"},\"inLanguage\":\"en-US\",\"potentialAction\":[{\"@type\":\"ReadAction\",\"target\":[\"https:\\\/\\\/151miglia.it\\\/en\\\/nuova-rotta-e-rinnovate-ambizioni-per-la-151-miglia-trofeo-cetilar\\\/\"]}]},{\"@type\":\"ImageObject\",\"inLanguage\":\"en-US\",\"@id\":\"https:\\\/\\\/151miglia.it\\\/en\\\/nuova-rotta-e-rinnovate-ambizioni-per-la-151-miglia-trofeo-cetilar\\\/#primaryimage\",\"url\":\"https:\\\/\\\/151miglia.it\\\/wp-content\\\/uploads\\\/2024\\\/09\\\/fTaccolaPHOTO-2024-09-21-10-44-38k.jpg\",\"contentUrl\":\"https:\\\/\\\/151miglia.it\\\/wp-content\\\/uploads\\\/2024\\\/09\\\/fTaccolaPHOTO-2024-09-21-10-44-38k.jpg\",\"width\":1500,\"height\":1000},{\"@type\":\"BreadcrumbList\",\"@id\":\"https:\\\/\\\/151miglia.it\\\/en\\\/nuova-rotta-e-rinnovate-ambizioni-per-la-151-miglia-trofeo-cetilar\\\/#breadcrumb\",\"itemListElement\":[{\"@type\":\"ListItem\",\"position\":1,\"name\":\"Home\",\"item\":\"https:\\\/\\\/151miglia.it\\\/en\\\/\"},{\"@type\":\"ListItem\",\"position\":2,\"name\":\"Nuova rotta e rinnovate ambizioni per la 151 Miglia-Trofeo Cetilar\"}]},{\"@type\":\"WebSite\",\"@id\":\"https:\\\/\\\/151miglia.it\\\/en\\\/#website\",\"url\":\"https:\\\/\\\/151miglia.it\\\/en\\\/\",\"name\":\"151 Miglia Trofeo Cetilar\",\"description\":\"La regata pi\u00f9 amata del Mediterraneo\",\"potentialAction\":[{\"@type\":\"SearchAction\",\"target\":{\"@type\":\"EntryPoint\",\"urlTemplate\":\"https:\\\/\\\/151miglia.it\\\/en\\\/?s={search_term_string}\"},\"query-input\":{\"@type\":\"PropertyValueSpecification\",\"valueRequired\":true,\"valueName\":\"search_term_string\"}}],\"inLanguage\":\"en-US\"},{\"@type\":\"Person\",\"@id\":\"https:\\\/\\\/151miglia.it\\\/en\\\/#\\\/schema\\\/person\\\/a7b737def83968b5bada830a361b19ab\",\"name\":\"Emanuel Richelmy\",\"image\":{\"@type\":\"ImageObject\",\"inLanguage\":\"en-US\",\"@id\":\"https:\\\/\\\/secure.gravatar.com\\\/avatar\\\/11a2fb41655c12a235fce8f8d272585cc250f92f9a39fbe84e74db2fc3e52187?s=96&d=mm&r=g\",\"url\":\"https:\\\/\\\/secure.gravatar.com\\\/avatar\\\/11a2fb41655c12a235fce8f8d272585cc250f92f9a39fbe84e74db2fc3e52187?s=96&d=mm&r=g\",\"contentUrl\":\"https:\\\/\\\/secure.gravatar.com\\\/avatar\\\/11a2fb41655c12a235fce8f8d272585cc250f92f9a39fbe84e74db2fc3e52187?s=96&d=mm&r=g\",\"caption\":\"Emanuel Richelmy\"},\"url\":\"https:\\\/\\\/151miglia.it\\\/en\\\/author\\\/emanuel\\\/\"}]}<\/script>\n<!-- \/ Yoast SEO plugin. -->","yoast_head_json":{"title":"Nuova rotta e rinnovate ambizioni per la 151 Miglia-Trofeo Cetilar - 151 Miglia Trofeo Cetilar","robots":{"index":"index","follow":"follow","max-snippet":"max-snippet:-1","max-image-preview":"max-image-preview:large","max-video-preview":"max-video-preview:-1"},"canonical":"https:\/\/151miglia.it\/en\/nuova-rotta-e-rinnovate-ambizioni-per-la-151-miglia-trofeo-cetilar\/","og_locale":"en_US","og_type":"article","og_title":"Nuova rotta e rinnovate ambizioni per la 151 Miglia-Trofeo Cetilar - 151 Miglia Trofeo Cetilar","og_description":"Il Salone Nautico Internazionale di Genova ha ospitato oggi la presentazione della 16ma edizione della 151 Miglia-Trofeo Cetilar, la regata d\u2019altura in programma il 30 maggio 2025, con la consueta organizzazione di un Comitato di circoli formato dallo Yacht Club Repubblica Marinara di Pisa, Yacht Club Punta Ala e Yacht Club Livorno. Sul palco del [&hellip;]","og_url":"https:\/\/151miglia.it\/en\/nuova-rotta-e-rinnovate-ambizioni-per-la-151-miglia-trofeo-cetilar\/","og_site_name":"151 Miglia Trofeo Cetilar","article_published_time":"2024-09-21T15:00:04+00:00","article_modified_time":"2024-12-16T08:38:06+00:00","og_image":[{"width":1500,"height":1000,"url":"https:\/\/151miglia.it\/wp-content\/uploads\/2024\/09\/fTaccolaPHOTO-2024-09-21-10-44-38k.jpg","type":"image\/jpeg"}],"author":"Emanuel Richelmy","twitter_card":"summary_large_image","twitter_misc":{"Written by":"Emanuel Richelmy","Est. reading time":"3 minutes"},"schema":{"@context":"https:\/\/schema.org","@graph":[{"@type":"Article","@id":"https:\/\/151miglia.it\/en\/nuova-rotta-e-rinnovate-ambizioni-per-la-151-miglia-trofeo-cetilar\/#article","isPartOf":{"@id":"https:\/\/151miglia.it\/en\/nuova-rotta-e-rinnovate-ambizioni-per-la-151-miglia-trofeo-cetilar\/"},"author":{"name":"Emanuel Richelmy","@id":"https:\/\/151miglia.it\/en\/#\/schema\/person\/a7b737def83968b5bada830a361b19ab"},"headline":"Nuova rotta e rinnovate ambizioni per la 151 Miglia-Trofeo Cetilar","datePublished":"2024-09-21T15:00:04+00:00","dateModified":"2024-12-16T08:38:06+00:00","mainEntityOfPage":{"@id":"https:\/\/151miglia.it\/en\/nuova-rotta-e-rinnovate-ambizioni-per-la-151-miglia-trofeo-cetilar\/"},"wordCount":520,"image":{"@id":"https:\/\/151miglia.it\/en\/nuova-rotta-e-rinnovate-ambizioni-per-la-151-miglia-trofeo-cetilar\/#primaryimage"},"thumbnailUrl":"https:\/\/151miglia.it\/wp-content\/uploads\/2024\/09\/fTaccolaPHOTO-2024-09-21-10-44-38k.jpg","articleSection":["News"],"inLanguage":"en-US"},{"@type":"WebPage","@id":"https:\/\/151miglia.it\/en\/nuova-rotta-e-rinnovate-ambizioni-per-la-151-miglia-trofeo-cetilar\/","url":"https:\/\/151miglia.it\/en\/nuova-rotta-e-rinnovate-ambizioni-per-la-151-miglia-trofeo-cetilar\/","name":"Nuova rotta e rinnovate ambizioni per la 151 Miglia-Trofeo Cetilar - 151 Miglia Trofeo Cetilar","isPartOf":{"@id":"https:\/\/151miglia.it\/en\/#website"},"primaryImageOfPage":{"@id":"https:\/\/151miglia.it\/en\/nuova-rotta-e-rinnovate-ambizioni-per-la-151-miglia-trofeo-cetilar\/#primaryimage"},"image":{"@id":"https:\/\/151miglia.it\/en\/nuova-rotta-e-rinnovate-ambizioni-per-la-151-miglia-trofeo-cetilar\/#primaryimage"},"thumbnailUrl":"https:\/\/151miglia.it\/wp-content\/uploads\/2024\/09\/fTaccolaPHOTO-2024-09-21-10-44-38k.jpg","datePublished":"2024-09-21T15:00:04+00:00","dateModified":"2024-12-16T08:38:06+00:00","author":{"@id":"https:\/\/151miglia.it\/en\/#\/schema\/person\/a7b737def83968b5bada830a361b19ab"},"breadcrumb":{"@id":"https:\/\/151miglia.it\/en\/nuova-rotta-e-rinnovate-ambizioni-per-la-151-miglia-trofeo-cetilar\/#breadcrumb"},"inLanguage":"en-US","potentialAction":[{"@type":"ReadAction","target":["https:\/\/151miglia.it\/en\/nuova-rotta-e-rinnovate-ambizioni-per-la-151-miglia-trofeo-cetilar\/"]}]},{"@type":"ImageObject","inLanguage":"en-US","@id":"https:\/\/151miglia.it\/en\/nuova-rotta-e-rinnovate-ambizioni-per-la-151-miglia-trofeo-cetilar\/#primaryimage","url":"https:\/\/151miglia.it\/wp-content\/uploads\/2024\/09\/fTaccolaPHOTO-2024-09-21-10-44-38k.jpg","contentUrl":"https:\/\/151miglia.it\/wp-content\/uploads\/2024\/09\/fTaccolaPHOTO-2024-09-21-10-44-38k.jpg","width":1500,"height":1000},{"@type":"BreadcrumbList","@id":"https:\/\/151miglia.it\/en\/nuova-rotta-e-rinnovate-ambizioni-per-la-151-miglia-trofeo-cetilar\/#breadcrumb","itemListElement":[{"@type":"ListItem","position":1,"name":"Home","item":"https:\/\/151miglia.it\/en\/"},{"@type":"ListItem","position":2,"name":"Nuova rotta e rinnovate ambizioni per la 151 Miglia-Trofeo Cetilar"}]},{"@type":"WebSite","@id":"https:\/\/151miglia.it\/en\/#website","url":"https:\/\/151miglia.it\/en\/","name":"151 Miglia Trofeo Cetilar","description":"La regata pi\u00f9 amata del Mediterraneo","potentialAction":[{"@type":"SearchAction","target":{"@type":"EntryPoint","urlTemplate":"https:\/\/151miglia.it\/en\/?s={search_term_string}"},"query-input":{"@type":"PropertyValueSpecification","valueRequired":true,"valueName":"search_term_string"}}],"inLanguage":"en-US"},{"@type":"Person","@id":"https:\/\/151miglia.it\/en\/#\/schema\/person\/a7b737def83968b5bada830a361b19ab","name":"Emanuel Richelmy","image":{"@type":"ImageObject","inLanguage":"en-US","@id":"https:\/\/secure.gravatar.com\/avatar\/11a2fb41655c12a235fce8f8d272585cc250f92f9a39fbe84e74db2fc3e52187?s=96&d=mm&r=g","url":"https:\/\/secure.gravatar.com\/avatar\/11a2fb41655c12a235fce8f8d272585cc250f92f9a39fbe84e74db2fc3e52187?s=96&d=mm&r=g","contentUrl":"https:\/\/secure.gravatar.com\/avatar\/11a2fb41655c12a235fce8f8d272585cc250f92f9a39fbe84e74db2fc3e52187?s=96&d=mm&r=g","caption":"Emanuel Richelmy"},"url":"https:\/\/151miglia.it\/en\/author\/emanuel\/"}]}},"_links":{"self":[{"href":"https:\/\/151miglia.it\/en\/wp-json\/wp\/v2\/posts\/34815","targetHints":{"allow":["GET"]}}],"collection":[{"href":"https:\/\/151miglia.it\/en\/wp-json\/wp\/v2\/posts"}],"about":[{"href":"https:\/\/151miglia.it\/en\/wp-json\/wp\/v2\/types\/post"}],"author":[{"embeddable":true,"href":"https:\/\/151miglia.it\/en\/wp-json\/wp\/v2\/users\/478"}],"replies":[{"embeddable":true,"href":"https:\/\/151miglia.it\/en\/wp-json\/wp\/v2\/comments?post=34815"}],"version-history":[{"count":1,"href":"https:\/\/151miglia.it\/en\/wp-json\/wp\/v2\/posts\/34815\/revisions"}],"predecessor-version":[{"id":34816,"href":"https:\/\/151miglia.it\/en\/wp-json\/wp\/v2\/posts\/34815\/revisions\/34816"}],"wp:featuredmedia":[{"embeddable":true,"href":"https:\/\/151miglia.it\/en\/wp-json\/wp\/v2\/media\/34817"}],"wp:attachment":[{"href":"https:\/\/151miglia.it\/en\/wp-json\/wp\/v2\/media?parent=34815"}],"wp:term":[{"taxonomy":"category","embeddable":true,"href":"https:\/\/151miglia.it\/en\/wp-json\/wp\/v2\/categories?post=34815"},{"taxonomy":"post_tag","embeddable":true,"href":"https:\/\/151miglia.it\/en\/wp-json\/wp\/v2\/tags?post=34815"}],"curies":[{"name":"wp","href":"https:\/\/api.w.org\/{rel}","templated":true}]}}